{"id":4733,"date":"2025-01-29T12:00:22","date_gmt":"2025-01-29T12:00:22","guid":{"rendered":"https:\/\/isdefeinnova.es\/the-new-isdefe-ule-chair-in-the-horizon-network-reinforces-the-defense-response-to-emergencies\/"},"modified":"2025-03-31T10:24:41","modified_gmt":"2025-03-31T10:24:41","slug":"the-new-isdefe-ule-chair-in-the-horizon-network-reinforces-the-defense-response-to-emergencies","status":"publish","type":"post","link":"https:\/\/isdefeinnova.es\/en\/the-new-isdefe-ule-chair-in-the-horizon-network-reinforces-the-defense-response-to-emergencies\/","title":{"rendered":"The new Isdefe-ULE chair in the &#8216;Horizon Network&#8217; reinforces the Defense response to emergencies"},"content":{"rendered":"\n<p>The <strong><a href=\"https:\/\/isdefeinnova.es\/observatorios\/\">Horizon Network<\/a><\/strong>, an initiative promoted by the <strong>Ingenier\u00eda de Sistemas para la Defensa de Espa\u00f1a (<a href=\"https:\/\/www.isdefe.es\/\">Isdefe<\/a>), <\/strong> will host a chair with the <strong>Universidad de Le\u00f3n (ULE)<\/strong> to strengthen the area of Defense linked to emergencies. The involvement of the Leon academic institution will be linked to the <strong>ATLANTIS<\/strong> project, which will develop an emergency simulator to train the new drone unit of the <strong>Military Emergency Unit (UME).<\/strong> <\/p>\n\n<p><strong>Isdefe <\/strong>and the <strong>ULE <\/strong>expect to formalize this agreement in the coming weeks, which will make available to the <strong>Horizon Network<\/strong> <strong>fifty researchers<\/strong>. Their contribution will be linked to the design of weather prediction models for drone flight, remotely piloted systems for terrain reconnaissance capable of detecting fires and floods thanks to the use of lasers and cameras, as well as the use of data analytics and <strong>Artificial Intelligence (AI)<\/strong> to optimize decision making. <\/p>\n\n<p>The chair will also contemplate the trajectory planning of drones, the development of mechanical systems to lighten their weight thanks to 3D printing and the graphic modeling of virtual environments, among other tasks.<\/p>\n\n<p>Thanks to Isdefe&#8217;s participation in the <strong>Horizons Network<\/strong> of <strong>Isdefe<\/strong>, the <strong>ULE<\/strong> will have workshops, talks by experts, workshops for companies and conferences to help strengthen its research work.<\/p>\n\n<p><strong>The Horizons Network, a great ally of the Spanish Public Administration<\/strong><\/p>\n\n<p>The agreement between <strong>Isdefe<\/strong> and the <strong>ULE<\/strong> will be under the umbrella of the <strong>Defense and Security Observatory<\/strong> of the <strong>Horizons Network<\/strong>, whose main objective is to detect future trends in their areas of action to train their staff and be able to respond quickly to the new challenges of the <strong>Spanish Public Administration.<\/strong><\/p>\n\n<p>To this end, the <strong>Horizons Network<\/strong> of <strong>Isdefe<\/strong> promotes technological, methodological and management analysis and foresight activities, thus contributing to the creation of a network of experts. The dissemination of knowledge and the attraction of talent, thanks to the seven universities that make up the network, feed the open innovation ecosystem. <\/p>\n","protected":false},"excerpt":{"rendered":"<p>The Horizon Network, an initiative promoted by the Ingenier\u00eda de Sistemas para la Defensa de Espa\u00f1a (Isdefe), will host a chair with the Universidad de Le\u00f3n (ULE) to strengthen the area of Defense linked to emergencies. The involvement of the Leon academic institution will be linked to the ATLANTIS project, which will develop an emergency [&hellip;]<\/p>\n","protected":false},"author":7,"featured_media":4394,"comment_status":"closed","ping_status":"closed","sticky":false,"template":"","format":"standard","meta":{"site-sidebar-layout":"default","site-content-layout":"","ast-site-content-layout":"default","site-content-style":"default","site-sidebar-style":"default","ast-global-header-display":"","ast-banner-title-visibility":"","ast-main-header-display":"","ast-hfb-above-header-display":"","ast-hfb-below-header-display":"","ast-hfb-mobile-header-display":"","site-post-title":"","ast-breadcrumbs-content":"","ast-featured-img":"","footer-sml-layout":"","ast-disable-related-posts":"","theme-transparent-header-meta":"","adv-header-id-meta":"","stick-header-meta":"","header-above-stick-meta":"","header-main-stick-meta":"","header-below-stick-meta":"","astra-migrate-meta-layouts":"default","ast-page-background-enabled":"default","ast-page-background-meta":{"desktop":{"background-color":"var(--ast-global-color-4)","background-image":"","background-repeat":"repeat","background-position":"center center","background-size":"auto","background-attachment":"scroll","background-type":"","background-media":"","overlay-type":"","overlay-color":"","overlay-opacity":"","overlay-gradient":""},"tablet":{"background-color":"","background-image":"","background-repeat":"repeat","background-position":"center center","background-size":"auto","background-attachment":"scroll","background-type":"","background-media":"","overlay-type":"","overlay-color":"","overlay-opacity":"","overlay-gradient":""},"mobile":{"background-color":"","background-image":"","background-repeat":"repeat","background-position":"center center","background-size":"auto","background-attachment":"scroll","background-type":"","background-media":"","overlay-type":"","overlay-color":"","overlay-opacity":"","overlay-gradient":""}},"ast-content-background-meta":{"desktop":{"background-color":"var(--ast-global-color-5)","background-image":"","background-repeat":"repeat","background-position":"center center","background-size":"auto","background-attachment":"scroll","background-type":"","background-media":"","overlay-type":"","overlay-color":"","overlay-opacity":"","overlay-gradient":""},"tablet":{"background-color":"var(--ast-global-color-5)","background-image":"","background-repeat":"repeat","background-position":"center center","background-size":"auto","background-attachment":"scroll","background-type":"","background-media":"","overlay-type":"","overlay-color":"","overlay-opacity":"","overlay-gradient":""},"mobile":{"background-color":"var(--ast-global-color-5)","background-image":"","background-repeat":"repeat","background-position":"center center","background-size":"auto","background-attachment":"scroll","background-type":"","background-media":"","overlay-type":"","overlay-color":"","overlay-opacity":"","overlay-gradient":""}},"footnotes":""},"categories":[72],"tags":[79],"class_list":["post-4733","post","type-post","status-publish","format-standard","has-post-thumbnail","hentry","category-horizons-network","tag-horizons-network"],"yoast_head":"<!-- This site is optimized with the Yoast SEO plugin v27.4 - https:\/\/yoast.com\/product\/yoast-seo-wordpress\/ -->\n<title>The new Isdefe-ULE chair in the &#039;Horizon Network&#039; reinforces the Defense response to emergencies - Isdefe Innova<\/title>\n<meta name=\"description\" content=\"The Horizon Network, an initiative promoted by Isdefe, will host a chair with the ULE to strengthen emergency defense.\" \/>\n<meta name=\"robots\" content=\"index, follow, max-snippet:-1, max-image-preview:large, max-video-preview:-1\" \/>\n<link rel=\"canonical\" href=\"https:\/\/isdefeinnova.es\/en\/the-new-isdefe-ule-chair-in-the-horizon-network-reinforces-the-defense-response-to-emergencies\/\" \/>\n<meta property=\"og:locale\" content=\"en_US\" \/>\n<meta property=\"og:type\" content=\"article\" \/>\n<meta property=\"og:title\" content=\"The new Isdefe-ULE chair in the &#039;Horizon Network&#039; reinforces the Defense response to emergencies - Isdefe Innova\" \/>\n<meta property=\"og:description\" content=\"The Horizon Network, an initiative promoted by Isdefe, will host a chair with the ULE to strengthen emergency defense.\" \/>\n<meta property=\"og:url\" content=\"https:\/\/isdefeinnova.es\/en\/the-new-isdefe-ule-chair-in-the-horizon-network-reinforces-the-defense-response-to-emergencies\/\" \/>\n<meta property=\"og:site_name\" content=\"Isdefe Innova\" \/>\n<meta property=\"article:published_time\" content=\"2025-01-29T12:00:22+00:00\" \/>\n<meta property=\"article:modified_time\" content=\"2025-03-31T10:24:41+00:00\" \/>\n<meta property=\"og:image\" content=\"https:\/\/isdefeinnova.es\/wp-content\/uploads\/2025\/01\/Isdefe-ULE-scaled.jpg\" \/>\n\t<meta property=\"og:image:width\" content=\"2560\" \/>\n\t<meta property=\"og:image:height\" content=\"1920\" \/>\n\t<meta property=\"og:image:type\" content=\"image\/jpeg\" \/>\n<meta name=\"author\" content=\"Comunicacion\" \/>\n<meta name=\"twitter:card\" content=\"summary_large_image\" \/>\n<meta name=\"twitter:label1\" content=\"Written by\" \/>\n\t<meta name=\"twitter:data1\" content=\"Comunicacion\" \/>\n\t<meta name=\"twitter:label2\" content=\"Est. reading time\" \/>\n\t<meta name=\"twitter:data2\" content=\"2 minutes\" \/>\n<script type=\"application\/ld+json\" class=\"yoast-schema-graph\">{\"@context\":\"https:\\\/\\\/schema.org\",\"@graph\":[{\"@type\":\"Article\",\"@id\":\"https:\\\/\\\/isdefeinnova.es\\\/en\\\/the-new-isdefe-ule-chair-in-the-horizon-network-reinforces-the-defense-response-to-emergencies\\\/#article\",\"isPartOf\":{\"@id\":\"https:\\\/\\\/isdefeinnova.es\\\/en\\\/the-new-isdefe-ule-chair-in-the-horizon-network-reinforces-the-defense-response-to-emergencies\\\/\"},\"author\":{\"name\":\"Comunicacion\",\"@id\":\"https:\\\/\\\/isdefeinnova.es\\\/#\\\/schema\\\/person\\\/ac4923ff168fe9657316c2b2be9fdf64\"},\"headline\":\"The new Isdefe-ULE chair in the &#8216;Horizon Network&#8217; reinforces the Defense response to emergencies\",\"datePublished\":\"2025-01-29T12:00:22+00:00\",\"dateModified\":\"2025-03-31T10:24:41+00:00\",\"mainEntityOfPage\":{\"@id\":\"https:\\\/\\\/isdefeinnova.es\\\/en\\\/the-new-isdefe-ule-chair-in-the-horizon-network-reinforces-the-defense-response-to-emergencies\\\/\"},\"wordCount\":338,\"publisher\":{\"@id\":\"https:\\\/\\\/isdefeinnova.es\\\/#organization\"},\"image\":{\"@id\":\"https:\\\/\\\/isdefeinnova.es\\\/en\\\/the-new-isdefe-ule-chair-in-the-horizon-network-reinforces-the-defense-response-to-emergencies\\\/#primaryimage\"},\"thumbnailUrl\":\"https:\\\/\\\/isdefeinnova.es\\\/wp-content\\\/uploads\\\/2025\\\/01\\\/Isdefe-ULE-scaled.jpg\",\"keywords\":[\"Horizons Network\"],\"articleSection\":[\"Horizons Network\"],\"inLanguage\":\"en-US\"},{\"@type\":\"WebPage\",\"@id\":\"https:\\\/\\\/isdefeinnova.es\\\/en\\\/the-new-isdefe-ule-chair-in-the-horizon-network-reinforces-the-defense-response-to-emergencies\\\/\",\"url\":\"https:\\\/\\\/isdefeinnova.es\\\/en\\\/the-new-isdefe-ule-chair-in-the-horizon-network-reinforces-the-defense-response-to-emergencies\\\/\",\"name\":\"The new Isdefe-ULE chair in the 'Horizon Network' reinforces the Defense response to emergencies - Isdefe Innova\",\"isPartOf\":{\"@id\":\"https:\\\/\\\/isdefeinnova.es\\\/#website\"},\"primaryImageOfPage\":{\"@id\":\"https:\\\/\\\/isdefeinnova.es\\\/en\\\/the-new-isdefe-ule-chair-in-the-horizon-network-reinforces-the-defense-response-to-emergencies\\\/#primaryimage\"},\"image\":{\"@id\":\"https:\\\/\\\/isdefeinnova.es\\\/en\\\/the-new-isdefe-ule-chair-in-the-horizon-network-reinforces-the-defense-response-to-emergencies\\\/#primaryimage\"},\"thumbnailUrl\":\"https:\\\/\\\/isdefeinnova.es\\\/wp-content\\\/uploads\\\/2025\\\/01\\\/Isdefe-ULE-scaled.jpg\",\"datePublished\":\"2025-01-29T12:00:22+00:00\",\"dateModified\":\"2025-03-31T10:24:41+00:00\",\"description\":\"The Horizon Network, an initiative promoted by Isdefe, will host a chair with the ULE to strengthen emergency defense.\",\"breadcrumb\":{\"@id\":\"https:\\\/\\\/isdefeinnova.es\\\/en\\\/the-new-isdefe-ule-chair-in-the-horizon-network-reinforces-the-defense-response-to-emergencies\\\/#breadcrumb\"},\"inLanguage\":\"en-US\",\"potentialAction\":[{\"@type\":\"ReadAction\",\"target\":[\"https:\\\/\\\/isdefeinnova.es\\\/en\\\/the-new-isdefe-ule-chair-in-the-horizon-network-reinforces-the-defense-response-to-emergencies\\\/\"]}]},{\"@type\":\"ImageObject\",\"inLanguage\":\"en-US\",\"@id\":\"https:\\\/\\\/isdefeinnova.es\\\/en\\\/the-new-isdefe-ule-chair-in-the-horizon-network-reinforces-the-defense-response-to-emergencies\\\/#primaryimage\",\"url\":\"https:\\\/\\\/isdefeinnova.es\\\/wp-content\\\/uploads\\\/2025\\\/01\\\/Isdefe-ULE-scaled.jpg\",\"contentUrl\":\"https:\\\/\\\/isdefeinnova.es\\\/wp-content\\\/uploads\\\/2025\\\/01\\\/Isdefe-ULE-scaled.jpg\",\"width\":2560,\"height\":1920,\"caption\":\"Isdefe y la ULE acuerdan la creaci\u00f3n de una nueva c\u00e1tedra de la Red Horizontes.\"},{\"@type\":\"BreadcrumbList\",\"@id\":\"https:\\\/\\\/isdefeinnova.es\\\/en\\\/the-new-isdefe-ule-chair-in-the-horizon-network-reinforces-the-defense-response-to-emergencies\\\/#breadcrumb\",\"itemListElement\":[{\"@type\":\"ListItem\",\"position\":1,\"name\":\"Portada\",\"item\":\"https:\\\/\\\/isdefeinnova.es\\\/en\\\/specialists-in-innovation-and-development\\\/\"},{\"@type\":\"ListItem\",\"position\":2,\"name\":\"The new Isdefe-ULE chair in the &#8216;Horizon Network&#8217; reinforces the Defense response to emergencies\"}]},{\"@type\":\"WebSite\",\"@id\":\"https:\\\/\\\/isdefeinnova.es\\\/#website\",\"url\":\"https:\\\/\\\/isdefeinnova.es\\\/\",\"name\":\"Isdefe Innova\",\"description\":\"Empresa p\u00fablica especializada en ofrecer soluciones innovadoras y seguras a los grandes retos de la Administraci\u00f3n, nacional e internacional\",\"publisher\":{\"@id\":\"https:\\\/\\\/isdefeinnova.es\\\/#organization\"},\"potentialAction\":[{\"@type\":\"SearchAction\",\"target\":{\"@type\":\"EntryPoint\",\"urlTemplate\":\"https:\\\/\\\/isdefeinnova.es\\\/?s={search_term_string}\"},\"query-input\":{\"@type\":\"PropertyValueSpecification\",\"valueRequired\":true,\"valueName\":\"search_term_string\"}}],\"inLanguage\":\"en-US\"},{\"@type\":\"Organization\",\"@id\":\"https:\\\/\\\/isdefeinnova.es\\\/#organization\",\"name\":\"Isdefe Innova\",\"url\":\"https:\\\/\\\/isdefeinnova.es\\\/\",\"logo\":{\"@type\":\"ImageObject\",\"inLanguage\":\"en-US\",\"@id\":\"https:\\\/\\\/isdefeinnova.es\\\/#\\\/schema\\\/logo\\\/image\\\/\",\"url\":\"https:\\\/\\\/isdefeinnova.es\\\/wp-content\\\/uploads\\\/2023\\\/05\\\/rsz_1isdefe_logo_blanco-Photoroom.png\",\"contentUrl\":\"https:\\\/\\\/isdefeinnova.es\\\/wp-content\\\/uploads\\\/2023\\\/05\\\/rsz_1isdefe_logo_blanco-Photoroom.png\",\"width\":2400,\"height\":547,\"caption\":\"Isdefe Innova\"},\"image\":{\"@id\":\"https:\\\/\\\/isdefeinnova.es\\\/#\\\/schema\\\/logo\\\/image\\\/\"}},{\"@type\":\"Person\",\"@id\":\"https:\\\/\\\/isdefeinnova.es\\\/#\\\/schema\\\/person\\\/ac4923ff168fe9657316c2b2be9fdf64\",\"name\":\"Comunicacion\",\"image\":{\"@type\":\"ImageObject\",\"inLanguage\":\"en-US\",\"@id\":\"https:\\\/\\\/secure.gravatar.com\\\/avatar\\\/ecafa596ae89d2437700da8d33a541407c63fc1d2b07db19bf16469d705bbd0a?s=96&d=mm&r=g\",\"url\":\"https:\\\/\\\/secure.gravatar.com\\\/avatar\\\/ecafa596ae89d2437700da8d33a541407c63fc1d2b07db19bf16469d705bbd0a?s=96&d=mm&r=g\",\"contentUrl\":\"https:\\\/\\\/secure.gravatar.com\\\/avatar\\\/ecafa596ae89d2437700da8d33a541407c63fc1d2b07db19bf16469d705bbd0a?s=96&d=mm&r=g\",\"caption\":\"Comunicacion\"},\"url\":\"https:\\\/\\\/isdefeinnova.es\\\/en\\\/author\\\/comunicacion\\\/\"}]}<\/script>\n<!-- \/ Yoast SEO plugin. -->","yoast_head_json":{"title":"The new Isdefe-ULE chair in the 'Horizon Network' reinforces the Defense response to emergencies - Isdefe Innova","description":"The Horizon Network, an initiative promoted by Isdefe, will host a chair with the ULE to strengthen emergency defense.","robots":{"index":"index","follow":"follow","max-snippet":"max-snippet:-1","max-image-preview":"max-image-preview:large","max-video-preview":"max-video-preview:-1"},"canonical":"https:\/\/isdefeinnova.es\/en\/the-new-isdefe-ule-chair-in-the-horizon-network-reinforces-the-defense-response-to-emergencies\/","og_locale":"en_US","og_type":"article","og_title":"The new Isdefe-ULE chair in the 'Horizon Network' reinforces the Defense response to emergencies - Isdefe Innova","og_description":"The Horizon Network, an initiative promoted by Isdefe, will host a chair with the ULE to strengthen emergency defense.","og_url":"https:\/\/isdefeinnova.es\/en\/the-new-isdefe-ule-chair-in-the-horizon-network-reinforces-the-defense-response-to-emergencies\/","og_site_name":"Isdefe Innova","article_published_time":"2025-01-29T12:00:22+00:00","article_modified_time":"2025-03-31T10:24:41+00:00","og_image":[{"width":2560,"height":1920,"url":"https:\/\/isdefeinnova.es\/wp-content\/uploads\/2025\/01\/Isdefe-ULE-scaled.jpg","type":"image\/jpeg"}],"author":"Comunicacion","twitter_card":"summary_large_image","twitter_misc":{"Written by":"Comunicacion","Est. reading time":"2 minutes"},"schema":{"@context":"https:\/\/schema.org","@graph":[{"@type":"Article","@id":"https:\/\/isdefeinnova.es\/en\/the-new-isdefe-ule-chair-in-the-horizon-network-reinforces-the-defense-response-to-emergencies\/#article","isPartOf":{"@id":"https:\/\/isdefeinnova.es\/en\/the-new-isdefe-ule-chair-in-the-horizon-network-reinforces-the-defense-response-to-emergencies\/"},"author":{"name":"Comunicacion","@id":"https:\/\/isdefeinnova.es\/#\/schema\/person\/ac4923ff168fe9657316c2b2be9fdf64"},"headline":"The new Isdefe-ULE chair in the &#8216;Horizon Network&#8217; reinforces the Defense response to emergencies","datePublished":"2025-01-29T12:00:22+00:00","dateModified":"2025-03-31T10:24:41+00:00","mainEntityOfPage":{"@id":"https:\/\/isdefeinnova.es\/en\/the-new-isdefe-ule-chair-in-the-horizon-network-reinforces-the-defense-response-to-emergencies\/"},"wordCount":338,"publisher":{"@id":"https:\/\/isdefeinnova.es\/#organization"},"image":{"@id":"https:\/\/isdefeinnova.es\/en\/the-new-isdefe-ule-chair-in-the-horizon-network-reinforces-the-defense-response-to-emergencies\/#primaryimage"},"thumbnailUrl":"https:\/\/isdefeinnova.es\/wp-content\/uploads\/2025\/01\/Isdefe-ULE-scaled.jpg","keywords":["Horizons Network"],"articleSection":["Horizons Network"],"inLanguage":"en-US"},{"@type":"WebPage","@id":"https:\/\/isdefeinnova.es\/en\/the-new-isdefe-ule-chair-in-the-horizon-network-reinforces-the-defense-response-to-emergencies\/","url":"https:\/\/isdefeinnova.es\/en\/the-new-isdefe-ule-chair-in-the-horizon-network-reinforces-the-defense-response-to-emergencies\/","name":"The new Isdefe-ULE chair in the 'Horizon Network' reinforces the Defense response to emergencies - Isdefe Innova","isPartOf":{"@id":"https:\/\/isdefeinnova.es\/#website"},"primaryImageOfPage":{"@id":"https:\/\/isdefeinnova.es\/en\/the-new-isdefe-ule-chair-in-the-horizon-network-reinforces-the-defense-response-to-emergencies\/#primaryimage"},"image":{"@id":"https:\/\/isdefeinnova.es\/en\/the-new-isdefe-ule-chair-in-the-horizon-network-reinforces-the-defense-response-to-emergencies\/#primaryimage"},"thumbnailUrl":"https:\/\/isdefeinnova.es\/wp-content\/uploads\/2025\/01\/Isdefe-ULE-scaled.jpg","datePublished":"2025-01-29T12:00:22+00:00","dateModified":"2025-03-31T10:24:41+00:00","description":"The Horizon Network, an initiative promoted by Isdefe, will host a chair with the ULE to strengthen emergency defense.","breadcrumb":{"@id":"https:\/\/isdefeinnova.es\/en\/the-new-isdefe-ule-chair-in-the-horizon-network-reinforces-the-defense-response-to-emergencies\/#breadcrumb"},"inLanguage":"en-US","potentialAction":[{"@type":"ReadAction","target":["https:\/\/isdefeinnova.es\/en\/the-new-isdefe-ule-chair-in-the-horizon-network-reinforces-the-defense-response-to-emergencies\/"]}]},{"@type":"ImageObject","inLanguage":"en-US","@id":"https:\/\/isdefeinnova.es\/en\/the-new-isdefe-ule-chair-in-the-horizon-network-reinforces-the-defense-response-to-emergencies\/#primaryimage","url":"https:\/\/isdefeinnova.es\/wp-content\/uploads\/2025\/01\/Isdefe-ULE-scaled.jpg","contentUrl":"https:\/\/isdefeinnova.es\/wp-content\/uploads\/2025\/01\/Isdefe-ULE-scaled.jpg","width":2560,"height":1920,"caption":"Isdefe y la ULE acuerdan la creaci\u00f3n de una nueva c\u00e1tedra de la Red Horizontes."},{"@type":"BreadcrumbList","@id":"https:\/\/isdefeinnova.es\/en\/the-new-isdefe-ule-chair-in-the-horizon-network-reinforces-the-defense-response-to-emergencies\/#breadcrumb","itemListElement":[{"@type":"ListItem","position":1,"name":"Portada","item":"https:\/\/isdefeinnova.es\/en\/specialists-in-innovation-and-development\/"},{"@type":"ListItem","position":2,"name":"The new Isdefe-ULE chair in the &#8216;Horizon Network&#8217; reinforces the Defense response to emergencies"}]},{"@type":"WebSite","@id":"https:\/\/isdefeinnova.es\/#website","url":"https:\/\/isdefeinnova.es\/","name":"Isdefe Innova","description":"Empresa p\u00fablica especializada en ofrecer soluciones innovadoras y seguras a los grandes retos de la Administraci\u00f3n, nacional e internacional","publisher":{"@id":"https:\/\/isdefeinnova.es\/#organization"},"potentialAction":[{"@type":"SearchAction","target":{"@type":"EntryPoint","urlTemplate":"https:\/\/isdefeinnova.es\/?s={search_term_string}"},"query-input":{"@type":"PropertyValueSpecification","valueRequired":true,"valueName":"search_term_string"}}],"inLanguage":"en-US"},{"@type":"Organization","@id":"https:\/\/isdefeinnova.es\/#organization","name":"Isdefe Innova","url":"https:\/\/isdefeinnova.es\/","logo":{"@type":"ImageObject","inLanguage":"en-US","@id":"https:\/\/isdefeinnova.es\/#\/schema\/logo\/image\/","url":"https:\/\/isdefeinnova.es\/wp-content\/uploads\/2023\/05\/rsz_1isdefe_logo_blanco-Photoroom.png","contentUrl":"https:\/\/isdefeinnova.es\/wp-content\/uploads\/2023\/05\/rsz_1isdefe_logo_blanco-Photoroom.png","width":2400,"height":547,"caption":"Isdefe Innova"},"image":{"@id":"https:\/\/isdefeinnova.es\/#\/schema\/logo\/image\/"}},{"@type":"Person","@id":"https:\/\/isdefeinnova.es\/#\/schema\/person\/ac4923ff168fe9657316c2b2be9fdf64","name":"Comunicacion","image":{"@type":"ImageObject","inLanguage":"en-US","@id":"https:\/\/secure.gravatar.com\/avatar\/ecafa596ae89d2437700da8d33a541407c63fc1d2b07db19bf16469d705bbd0a?s=96&d=mm&r=g","url":"https:\/\/secure.gravatar.com\/avatar\/ecafa596ae89d2437700da8d33a541407c63fc1d2b07db19bf16469d705bbd0a?s=96&d=mm&r=g","contentUrl":"https:\/\/secure.gravatar.com\/avatar\/ecafa596ae89d2437700da8d33a541407c63fc1d2b07db19bf16469d705bbd0a?s=96&d=mm&r=g","caption":"Comunicacion"},"url":"https:\/\/isdefeinnova.es\/en\/author\/comunicacion\/"}]}},"_links":{"self":[{"href":"https:\/\/isdefeinnova.es\/en\/wp-json\/wp\/v2\/posts\/4733","targetHints":{"allow":["GET"]}}],"collection":[{"href":"https:\/\/isdefeinnova.es\/en\/wp-json\/wp\/v2\/posts"}],"about":[{"href":"https:\/\/isdefeinnova.es\/en\/wp-json\/wp\/v2\/types\/post"}],"author":[{"embeddable":true,"href":"https:\/\/isdefeinnova.es\/en\/wp-json\/wp\/v2\/users\/7"}],"replies":[{"embeddable":true,"href":"https:\/\/isdefeinnova.es\/en\/wp-json\/wp\/v2\/comments?post=4733"}],"version-history":[{"count":0,"href":"https:\/\/isdefeinnova.es\/en\/wp-json\/wp\/v2\/posts\/4733\/revisions"}],"wp:featuredmedia":[{"embeddable":true,"href":"https:\/\/isdefeinnova.es\/en\/wp-json\/wp\/v2\/media\/4394"}],"wp:attachment":[{"href":"https:\/\/isdefeinnova.es\/en\/wp-json\/wp\/v2\/media?parent=4733"}],"wp:term":[{"taxonomy":"category","embeddable":true,"href":"https:\/\/isdefeinnova.es\/en\/wp-json\/wp\/v2\/categories?post=4733"},{"taxonomy":"post_tag","embeddable":true,"href":"https:\/\/isdefeinnova.es\/en\/wp-json\/wp\/v2\/tags?post=4733"}],"curies":[{"name":"wp","href":"https:\/\/api.w.org\/{rel}","templated":true}]}}